[{"@context":"https:\/\/schema.org\/","@type":"Article","@id":"https:\/\/www.dg307.cz\/kecal-jenik-marenka-kdo-by-je-neznal\/#Article","mainEntityOfPage":"https:\/\/www.dg307.cz\/kecal-jenik-marenka-kdo-by-je-neznal\/","headline":"Kecal, Jen\u00edk, Ma\u0159enka \u2013 kdo by je neznal","name":"Kecal, Jen\u00edk, Ma\u0159enka \u2013 kdo by je neznal","description":"Jist\u011b ka\u017ed\u00fd v\u00ed, jakou cestou pro\u0161el film, ne\u017e z\u00edskal dne\u0161n\u00ed podobu. 1)\u00a0\u00a0\u00a0 Nejprve n\u011bm\u00fd. 2)\u00a0\u00a0\u00a0 Pot\u00e9 \u010dernob\u00edl\u00fd. 3)\u00a0\u00a0\u00a0 Nyn\u00ed barevn\u00fd. Pokud se vr\u00e1t\u00edme, do toho nejran\u011bj\u0161\u00edho obdob\u00ed, filmu n\u011bm\u00e9ho, m\u016f\u017eeme narazit na velice zaj\u00edmav\u00e9 ztv\u00e1rn\u011bn\u00ed, jednoho, sv\u011btov\u011b zn\u00e1m\u00e9ho, d\u00edla.Ka\u017ed\u00fd p\u0159\u00edb\u011bh se dal ur\u010dit\u011b zrealizovat v dob\u011b, kdy herci, na pl\u00e1tn\u011b, jen otev\u00edrali \u00fasta a div\u00e1k [&hellip;]","datePublished":"2023-04-28","dateModified":"2023-04-28","author":{"@type":"Person","@id":"https:\/\/www.dg307.cz\/author\/#Person","name":"dg307.cz\n","url":"https:\/\/www.dg307.cz\/author\/","identifier":1,"image":{"@type":"ImageObject","@id":"https:\/\/secure.gravatar.com\/avatar\/99fa2d7bb0ff3369cbf7f1481134d0b6f7aff596e984b7c90a3d99b8b24eb0d8?s=96&d=mm&r=g","url":"https:\/\/secure.gravatar.com\/avatar\/99fa2d7bb0ff3369cbf7f1481134d0b6f7aff596e984b7c90a3d99b8b24eb0d8?s=96&d=mm&r=g","height":96,"width":96}},"publisher":{"@type":"Organization","name":"dg307.cz","logo":{"@type":"ImageObject","@id":"\/logo.png","url":"\/logo.png","width":600,"height":60}},"url":"https:\/\/www.dg307.cz\/kecal-jenik-marenka-kdo-by-je-neznal\/","about":["Kultura"],"wordCount":436,"articleBody":"Jist\u011b ka\u017ed\u00fd v\u00ed, jakou cestou pro\u0161el film, ne\u017e z\u00edskal dne\u0161n\u00ed podobu.1)\u00a0\u00a0\u00a0 Nejprve n\u011bm\u00fd.2)\u00a0\u00a0\u00a0 Pot\u00e9 \u010dernob\u00edl\u00fd.3)\u00a0\u00a0\u00a0 Nyn\u00ed barevn\u00fd.Pokud se vr\u00e1t\u00edme, do toho nejran\u011bj\u0161\u00edho obdob\u00ed, filmu n\u011bm\u00e9ho, m\u016f\u017eeme narazit na velice zaj\u00edmav\u00e9 ztv\u00e1rn\u011bn\u00ed, jednoho, sv\u011btov\u011b zn\u00e1m\u00e9ho, d\u00edla.Ka\u017ed\u00fd p\u0159\u00edb\u011bh se dal ur\u010dit\u011b zrealizovat v dob\u011b, kdy herci, na pl\u00e1tn\u011b, jen otev\u00edrali \u00fasta a div\u00e1k si mohl, s mal\u00fdm zpo\u017ed\u011bn\u00edm, p\u0159e\u010d\u00edst, co to vlastn\u011b, ten herec, pr\u00e1v\u011b pronesl.Realizace, n\u011bm\u00e9 opery, mi p\u0159ijde, jako n\u00e1pad, opravdu velice odv\u00e1\u017en\u00fd.A stalo se.\u00b7\u00a0\u00a0\u00a0\u00a0\u00a0\u00a0\u00a0 Roku 1922 zre\u017e\u00edroval Old\u0159ich Km\u00ednek, Prodanou nev\u011bstu, jako n\u011bm\u00fd film.\u00b7\u00a0\u00a0\u00a0\u00a0\u00a0\u00a0\u00a0 Hlavn\u00ed roli Jen\u00edka, ztv\u00e1rnil, tehdy velice mlad\u00fd, Franti\u0161ek Smol\u00edk.\u00b7\u00a0\u00a0\u00a0\u00a0\u00a0\u00a0\u00a0 M\u00e1m takov\u00fd dojem, \u017ee si m\u011bl re\u017eis\u00e9r, nechat svou odvahu, do jin\u00e9ho projektu.Je pravda, \u017ee Bed\u0159ich Smetana psal svou operu, jako komick\u00fd kus.Zde jde, ale, komika zcela jinou cestou, ne\u017e, z\u0159ejm\u011b, zam\u00fd\u0161lel.\t\tSt\u00e1le nespokojen\u00fd autorBed\u0159ich Smetana, nadan\u00fd hudebn\u00edk, sb\u00edral prvn\u00ed zku\u0161enosti ve \u0160v\u00e9dsku, kde pracoval jako u\u010ditel hudby a dirigent.Kdy\u017e se vr\u00e1til do \u010cech, rozhodl se, \u017ee nap\u00ed\u0161e ryze \u010deskou operu, kter\u00e1 tu chyb\u011bla.\u00b7\u00a0\u00a0\u00a0\u00a0\u00a0\u00a0\u00a0 O libreto po\u017e\u00e1dal Karla Sabinu. Ten mu ho sice dodal, ale Smetana s n\u00edm nebyl spokojen, a tak mu ho vr\u00e1til k p\u0159epracov\u00e1n\u00ed.\u00b7\u00a0\u00a0\u00a0\u00a0\u00a0\u00a0\u00a0 Pak na hudb\u011b pracoval, cel\u00e9 t\u0159i roky.\u00b7\u00a0\u00a0\u00a0\u00a0\u00a0\u00a0\u00a0 Patn\u00e1ct\u00e9ho b\u0159ezna, roku 1866, zapsal posledn\u00ed notu a d\u00edlo mohlo j\u00edt na p\u00f3dia divadel.U\u017e prvn\u00ed premi\u00e9ra m\u011bla velk\u00fd \u00fasp\u011bch. &#8211;\u00a0\u00a0\u00a0\u00a0\u00a0\u00a0\u00a0\u00a0 D\u00edlo m\u011blo pouze dv\u011b jedn\u00e1n\u00ed a do d\u011bje zasahovala i mluven\u00e1 pr\u00f3za.&#8211;\u00a0\u00a0\u00a0\u00a0\u00a0\u00a0\u00a0\u00a0 Smetana, v\u0161ak s\u00a0v\u00fdsledkem, spokojen nebyl.Dal\u0161\u00ed verze, s dal\u0161\u00edmi \u00fapravami, p\u0159i\u0161la o t\u0159i roky pozd\u011bji.&#8211;\u00a0\u00a0\u00a0\u00a0\u00a0\u00a0\u00a0\u00a0 Krom jin\u00fdch prvk\u016f, p\u0159ibyl mu\u017esk\u00fd sbor, s p\u00edsn\u00ed &#8211; \u201eTa p\u00edsni\u010dka, to je, v\u011bru, nebesk\u00fd dar.\u201cT\u0159et\u00ed verze p\u0159i\u0161la vz\u00e1p\u011bt\u00ed.&#8211;\u00a0\u00a0\u00a0\u00a0\u00a0\u00a0\u00a0\u00a0 Smetana p\u0159idal novou Sko\u010dnou a rozd\u011blil d\u011bj, na t\u0159i jedn\u00e1n\u00ed.O dal\u0161\u00ed rok pozd\u011bji, 1870, vznik\u00e1 kone\u010dn\u00e1 verze. &#8211;\u00a0\u00a0\u00a0\u00a0\u00a0\u00a0\u00a0\u00a0 Autor vyhazuje mluvenou pr\u00f3zu a cel\u00e9 d\u00edlo je zp\u00edv\u00e1no.N\u011bm\u00fd film by mo\u017en\u00e1 na\u0161eho velik\u00e1na nepot\u011b\u0161il. Av\u0161ak to, \u017ee je, jeho d\u00edlo, st\u00e1lic\u00ed na opern\u00edch jevi\u0161t\u00edch, ur\u010dit\u011b ano.                                                                                                                                                                                                                                                                                                                                                                                        4\/5 - (8 votes)        "},{"@context":"https:\/\/schema.org\/","@type":"BreadcrumbList","itemListElement":[{"@type":"ListItem","position":1,"name":"Kecal, Jen\u00edk, Ma\u0159enka \u2013 kdo by je neznal","item":"https:\/\/www.dg307.cz\/kecal-jenik-marenka-kdo-by-je-neznal\/#breadcrumbitem"}]}]