[{"@context":"https:\/\/schema.org\/","@type":"Article","@id":"https:\/\/www.dg307.cz\/vyreste-problemy-s-nedostatkem-mista-jednou-provzdy\/#Article","mainEntityOfPage":"https:\/\/www.dg307.cz\/vyreste-problemy-s-nedostatkem-mista-jednou-provzdy\/","headline":"Vy\u0159e\u0161te probl\u00e9my s nedostatkem m\u00edsta jednou prov\u017edy!","name":"Vy\u0159e\u0161te probl\u00e9my s nedostatkem m\u00edsta jednou prov\u017edy!","description":"Pot\u0159ebujete do sv\u00e9ho bytu nacpat mnoho v\u011bc\u00ed, ale nem\u00e1te je kam d\u00e1vat? Nedok\u00e1\u017eete odolat skv\u011bl\u00fdm ak\u010dn\u00edm slev\u00e1m a nab\u00eddk\u00e1m zlevn\u011bn\u00fdch v\u00fdrobk\u016f? Nedok\u00e1\u017eete se star\u00fdch spot\u0159ebi\u010d\u016f ani oble\u010den\u00ed vzd\u00e1t? Pakli\u017ee tou\u017e\u00edte po minimalisticky za\u0159\u00edzen\u00e9 dom\u00e1cnosti a nikoli po interi\u00e9ru zahlcen\u00e9m n\u00e1bytkem, pak jist\u011b \u0159e\u0161\u00edte nemal\u00fd probl\u00e9m. Nicm\u00e9n\u011b jedno skv\u011bl\u00e9 \u0159e\u0161en\u00ed m\u00e1te hned po ruce. Po\u0159i\u010fte si [&hellip;]","datePublished":"2019-07-21","dateModified":"2023-04-28","author":{"@type":"Person","@id":"https:\/\/www.dg307.cz\/author\/#Person","name":"dg307.cz\n","url":"https:\/\/www.dg307.cz\/author\/","identifier":1,"image":{"@type":"ImageObject","@id":"https:\/\/secure.gravatar.com\/avatar\/99fa2d7bb0ff3369cbf7f1481134d0b6f7aff596e984b7c90a3d99b8b24eb0d8?s=96&d=mm&r=g","url":"https:\/\/secure.gravatar.com\/avatar\/99fa2d7bb0ff3369cbf7f1481134d0b6f7aff596e984b7c90a3d99b8b24eb0d8?s=96&d=mm&r=g","height":96,"width":96}},"publisher":{"@type":"Organization","name":"dg307.cz","logo":{"@type":"ImageObject","@id":"\/logo.png","url":"\/logo.png","width":600,"height":60}},"image":{"@type":"ImageObject","@id":"https:\/\/www.dg307.cz\/wp-content\/uploads\/img_a360514_w1785_t1574173383.jpg","url":"https:\/\/www.dg307.cz\/wp-content\/uploads\/img_a360514_w1785_t1574173383.jpg","height":0,"width":0},"url":"https:\/\/www.dg307.cz\/vyreste-problemy-s-nedostatkem-mista-jednou-provzdy\/","about":["Zbo\u017e\u00ed"],"wordCount":420,"articleBody":"          Pot\u0159ebujete do sv\u00e9ho bytu nacpat mnoho v\u011bc\u00ed, ale nem\u00e1te je kam d\u00e1vat? Nedok\u00e1\u017eete odolat skv\u011bl\u00fdm ak\u010dn\u00edm slev\u00e1m a nab\u00eddk\u00e1m zlevn\u011bn\u00fdch v\u00fdrobk\u016f? Nedok\u00e1\u017eete se star\u00fdch spot\u0159ebi\u010d\u016f ani oble\u010den\u00ed vzd\u00e1t? Pakli\u017ee tou\u017e\u00edte po minimalisticky za\u0159\u00edzen\u00e9 dom\u00e1cnosti a nikoli po interi\u00e9ru zahlcen\u00e9m n\u00e1bytkem, pak jist\u011b \u0159e\u0161\u00edte nemal\u00fd probl\u00e9m. Nicm\u00e9n\u011b jedno skv\u011bl\u00e9 \u0159e\u0161en\u00ed m\u00e1te hned po ruce. Po\u0159i\u010fte si praktickou vestav\u011bnou sk\u0159\u00ed\u0148 a nebudete litovat! Vestav\u011bn\u00e1 sk\u0159\u00ed\u0148 Sten-skrine v\u00e1m nab\u00edz\u00ed hned n\u011bkolik skv\u011bl\u00fdch v\u00fdhod, kter\u00e9 si zamilujete, proto\u017ee v\u00e1\u0161 \u017eivot ud\u011blaj\u00ed p\u0159\u00edjemn\u00fdm. A jestli\u017ee v\u00e1s na nich n\u011bco uchv\u00e1t\u00ed, tak to bude mimo objemn\u00e9ho \u00falo\u017en\u00e9ho prostoru, kter\u00fd nic nep\u0159ekon\u00e1 p\u0159edev\u0161\u00edm jejich dokonal\u00fd design. Tyto sk\u0159\u00edn\u011b mohou toti\u017e vypadat p\u0159esn\u011b tak, jak chcete vy. A pokud n\u00e1hodou nem\u00e1te bujnou fantazii, pak se nev\u00e1hejte inspirovat ve fotogalerii jejich v\u00fdrobce. Ov\u0161em pozor, pokud jde o v\u00fdrobce, tak vyb\u00edrejte pe\u010dliv\u011b! Ne ka\u017ed\u00fd v\u00e1m nab\u00eddne nejen precizn\u00ed zpracov\u00e1n\u00ed a dokonalou \u0159emeslnou zru\u010dnost, ale tak\u00e9 l\u00e9ta zku\u0161enost\u00ed a tak\u00e9 atraktivn\u00ed ceny k tomu. Proto vyb\u00edrejte pe\u010dliv\u011b! P\u0159edstavte si nap\u0159\u00edklad to, jak by to u v\u00e1s doma vypadalo p\u011bkn\u011b, kdybyste si na p\u0159edn\u00ed st\u011bnu sk\u0159\u00edn\u011b um\u00edstili va\u0161i obl\u00edbenou fotografii na sklen\u011bn\u00e9m podkladu. Anebo rad\u011bji vsad\u00edte na klasiku v podob\u011b libovoln\u00e9ho druhu d\u0159eva? V nab\u00eddce je samoz\u0159ejm\u011b i klasick\u00e9 lamino a jin\u00e9 materi\u00e1ly. A pokud n\u00e1hodou nev\u00edte, kter\u00fd z nich zvolit, s v\u00fdb\u011brem v\u00e1m pom\u016f\u017ee zku\u0161en\u00fd bytov\u00fd architekt, na jeho\u017e doporu\u010den\u00ed se m\u016f\u017eete spolehnout. Takov\u00e1 rada se v\u00e1m jist\u011b vyplat\u00ed p\u0159edev\u0161\u00edm v p\u0159\u00edpad\u011b, kdy \u017eijete v mal\u00e9m byt\u011b a ka\u017ed\u00fd centimetr u\u0161et\u0159en\u00e9ho m\u00edsta v\u00e1m p\u0159ijde vhod. A\u0165 u\u017e se v\u0161ak rozhodnete vyu\u017e\u00edt slu\u017eby bytov\u00e9ho architekta \u010di nikoli, v\u017edy m\u016f\u017eete v\u00fdsledek posoudit podle barevn\u00e9ho 3D n\u00e1vrhu. V ka\u017ed\u00e9m p\u0159\u00edpad\u011b u\u017e nikdy nebudete \u0159e\u0161it probl\u00e9my s nedostatkem m\u00edsta a t\u00edm, \u017ee nem\u00e1te kam ulo\u017eit sv\u00e9 v\u011bci.                                                                                                                                                                                                                                                                                                                                                                                          4.2\/5 - (6 votes)        "},{"@context":"https:\/\/schema.org\/","@type":"BreadcrumbList","itemListElement":[{"@type":"ListItem","position":1,"name":"Vy\u0159e\u0161te probl\u00e9my s nedostatkem m\u00edsta jednou prov\u017edy!","item":"https:\/\/www.dg307.cz\/vyreste-problemy-s-nedostatkem-mista-jednou-provzdy\/#breadcrumbitem"}]}]