[{"@context":"https:\/\/schema.org\/","@type":"Article","@id":"https:\/\/www.dg307.cz\/zamestnanost-v-cr\/#Article","mainEntityOfPage":"https:\/\/www.dg307.cz\/zamestnanost-v-cr\/","headline":"Zam\u011bstnanost v \u010cR","name":"Zam\u011bstnanost v \u010cR","description":"Podle statistik se m\u00edra nezam\u011bstnanosti v na\u0161\u00ed republice st\u00e1le, i kdy\u017e pomalu a zat\u00edm k\u0159ehce, sni\u017euje, p\u0159ib\u00fdv\u00e1 nov\u00fdch pracovn\u00edch m\u00edst a tak\u00e9, co\u017e je pro zam\u011bstnance d\u016fle\u017eit\u00e9, zam\u011bstnavatel\u00e9 u\u017e se tolik nebr\u00e1n\u00ed smlouv\u00e1m na dobu neur\u010ditou, co\u017e bylo je\u0161t\u011b do ned\u00e1vn\u00e9 doby pravidlem jen m\u00e1lokter\u00e9 z firem. Firmy se posledn\u00ed dobou sna\u017e\u00ed tak\u00e9 sv\u00e9 zam\u011bstnance [&hellip;]","datePublished":"2023-04-28","dateModified":"2023-04-28","author":{"@type":"Person","@id":"https:\/\/www.dg307.cz\/author\/#Person","name":"dg307.cz\n","url":"https:\/\/www.dg307.cz\/author\/","identifier":1,"image":{"@type":"ImageObject","@id":"https:\/\/secure.gravatar.com\/avatar\/99fa2d7bb0ff3369cbf7f1481134d0b6f7aff596e984b7c90a3d99b8b24eb0d8?s=96&d=mm&r=g","url":"https:\/\/secure.gravatar.com\/avatar\/99fa2d7bb0ff3369cbf7f1481134d0b6f7aff596e984b7c90a3d99b8b24eb0d8?s=96&d=mm&r=g","height":96,"width":96}},"publisher":{"@type":"Organization","name":"dg307.cz","logo":{"@type":"ImageObject","@id":"\/logo.png","url":"\/logo.png","width":600,"height":60}},"url":"https:\/\/www.dg307.cz\/zamestnanost-v-cr\/","about":["Ekonomika"],"wordCount":436,"articleBody":"Podle statistik se m\u00edra nezam\u011bstnanosti v na\u0161\u00ed republice st\u00e1le, i kdy\u017e pomalu a zat\u00edm k\u0159ehce, sni\u017euje, p\u0159ib\u00fdv\u00e1 nov\u00fdch pracovn\u00edch m\u00edst a tak\u00e9, co\u017e je pro zam\u011bstnance d\u016fle\u017eit\u00e9, zam\u011bstnavatel\u00e9 u\u017e se tolik nebr\u00e1n\u00ed smlouv\u00e1m na dobu neur\u010ditou, co\u017e bylo je\u0161t\u011b do ned\u00e1vn\u00e9 doby pravidlem jen m\u00e1lokter\u00e9 z firem.Firmy se posledn\u00ed dobou sna\u017e\u00ed tak\u00e9 sv\u00e9 zam\u011bstnance odm\u011b\u0148ovat r\u016fzn\u00fdmi benefity, nejroz\u0161\u00ed\u0159en\u011bj\u0161\u00ed z nich jsou stravenky, kter\u00e9 uv\u00edt\u00e1 t\u00e9m\u011b\u0159 ka\u017ed\u00fd zam\u011bstnanec, ale n\u011bkter\u00e9 z firem nab\u00edz\u00ed benefity i formou r\u016fzn\u00fdch volno\u010dasov\u00fdch aktivit, pro sv\u00e9 zam\u011bstnance za zv\u00fdhodn\u011bnou cenu.Velk\u00e1 \u010d\u00e1st firem se tak\u00e9 zam\u011b\u0159ila na dal\u0161\u00ed vzd\u011bl\u00e1vac\u00ed programy pro sv\u00e9 zam\u011bstnance, nap\u0159. formou rekvalifikace, pro zv\u00fd\u0161en\u00ed znalost\u00ed k dan\u00e9mu oboru, kterou sv\u00fdm zam\u011bstnanc\u016fm bu\u010f hrad\u00ed v pln\u00e9 v\u00fd\u0161i, nebo jim na n\u00ed z velk\u00e9 \u010d\u00e1sti p\u0159isp\u00edv\u00e1.A jak\u00e9 jsou nej\u017e\u00e1dan\u011bj\u0161\u00ed profese posledn\u00ed doby:Jednou z nej\u017e\u00e1dan\u011bj\u0161\u00edch profes\u00ed jsouIT pracovn\u00edci, zejm\u00e9na v\u00fdvoj\u00e1\u0159i.Dal\u0161\u00ed \u017e\u00e1danou profes\u00ed jsou personalist\u00e9 \u2013 n\u00e1bor\u00e1\u0159i, jeliko\u017e se zv\u00fd\u0161ila celkov\u00e1 zam\u011bstnanost, hlavn\u011b i u velk\u00fdch firem, kter\u00e9 maj\u00ed popt\u00e1vku na v\u00edce zam\u011bstnanc\u016f, stoupla i popt\u00e1vka po zam\u011bstnanc\u00edch, kte\u0159\u00ed budou takov\u00e9 lidi vyb\u00edrat.Dobr\u00e1 zpr\u00e1va pro absolventy obchodn\u00edch akademi\u00ed a \u0161kol s obchodn\u00edm a ekonomick\u00fdm zam\u011b\u0159en\u00edm m\u016f\u017ee b\u00fdt, \u017ee velk\u00e1 popt\u00e1vka je i po zam\u011bstnanc\u00edch ve sf\u00e9\u0159e financ\u00ed a bankovnictv\u00ed \u2013 \u00fa\u010detn\u00ed, finan\u010dn\u00ed analytici, ekonomov\u00e9, fakturanti, ti v\u0161ichni nyn\u00ed mohou sehnat zam\u011bstn\u00e1n\u00ed sn\u00e1ze ne\u017e v p\u0159edchoz\u00edch letech, tak\u00e9 banky roz\u0161i\u0159uj\u00ed sv\u00e9 \u0159ady o nov\u00e9 zam\u011bstnance, zejm\u00e9na je to d\u00e1no vznikem nov\u00fdch bank.Mnoho lid\u00ed jist\u011b sly\u0161elo o firm\u011b Amazon, kter\u00e1 zam\u011bstn\u00e1v\u00e1 tis\u00edce lid\u00ed, je to vlastn\u011b logistick\u00e9 centrum, tud\u00ed\u017e je nasnad\u011b, \u017ee se zv\u00fd\u0161ila zam\u011bstnanosti i v logistice a z\u00e1sobov\u00e1n\u00ed, tam je pot\u0159eba zam\u011bstnance od d\u011bln\u00edk\u016f, kte\u0159\u00ed zbo\u017e\u00ed t\u0159\u00edd\u00ed a\u017e po mana\u017eery logistiky.Je tedy Va\u0161\u00ed volbou, kterou pr\u00e1ci, pokud ji zrovna hled\u00e1te, si vyberete, bu\u010f takovou, na kterou m\u00e1te kvalifikaci, nebo m\u016f\u017eete proj\u00edt rekvalifika\u010dn\u00edm kurzem a vybrat si pr\u00e1ci, kter\u00e1 V\u00e1s bude bavit, v dne\u0161n\u00ed dob\u011b naj\u00edt pr\u00e1ci u\u017e tak t\u011b\u017ek\u00e9 nen\u00ed.\u00a0                                                                                                                                                                                                                                                                                                                                                                                        4.8\/5 - (13 votes)        "},{"@context":"https:\/\/schema.org\/","@type":"BreadcrumbList","itemListElement":[{"@type":"ListItem","position":1,"name":"Zam\u011bstnanost v \u010cR","item":"https:\/\/www.dg307.cz\/zamestnanost-v-cr\/#breadcrumbitem"}]}]